{"id":8107,"date":"2021-12-09T09:50:59","date_gmt":"2021-12-09T12:50:59","guid":{"rendered":"https:\/\/fasterm.com.br\/blog\/dia-mundial-de-la-salud-hospitales\/"},"modified":"2024-01-30T16:15:09","modified_gmt":"2024-01-30T19:15:09","slug":"dia-mundial-de-la-salud-hospitales","status":"publish","type":"post","link":"https:\/\/fasterm.com.br\/es\/blog\/dia-mundial-de-la-salud-hospitales\/","title":{"rendered":"D\u00eda Mundial de la Salud en los hospitales: \u00bfQu\u00e9 importancia tiene la fecha?"},"content":{"rendered":"<p>Seg\u00fan la Organizaci\u00f3n Mundial de la Salud (OMS), la salud es el estado en el que una persona alcanza un completo bienestar, ya sea f\u00edsico, mental o social, y adem\u00e1s est\u00e1 alejada de cualquier tipo de enfermedad. El D\u00eda Mundial de la Salud Hospitalaria es una fecha importante para reconocer el m\u00e9rito de los profesionales sanitarios.<\/p>\n<p>Aunque algunas personas entienden que estar sano es estar libre de enfermedades graves, s\u00f3lo la ausencia de enfermedades no caracteriza a un individuo sano. Tambi\u00e9n es necesario tener en cuenta varios factores, como su calidad de vida y los aspectos f\u00edsicos y mentales.<\/p>\n<p align=\"JUSTIFY\">Por todo ello, es tan importante concienciar a la poblaci\u00f3n de la importancia de buscar estos aspectos de forma m\u00e1s integral, s\u00f3lo as\u00ed es posible actuar de forma preventiva y asegurar la mejor calidad de vida de las personas.<\/p>\n<p align=\"JUSTIFY\">Y para ayudar a ese tipo de comprensi\u00f3n, se estableci\u00f3 el <strong>D\u00eda Mundial de la Salud<\/strong>. A continuaci\u00f3n, conozca m\u00e1s sobre esta fecha y su importancia para los hospitales.<\/p>\n<h2>Origen del D\u00eda Mundial de la Salud<\/h2>\n<p>El D\u00eda Mundial de la Salud, tambi\u00e9n conocido como D\u00eda Internacional de la Salud, se celebra el 7 de abril y tiene como objetivo concienciar a las personas de los problemas que afectan a su salud f\u00edsica y mental y, por tanto, a su calidad de vida.<\/p>\n<p>Se eligi\u00f3 esta fecha porque coincide con la creaci\u00f3n de la Organizaci\u00f3n Mundial de la Salud, \u00f3rgano vinculado a la ONU, que se encarga de la orientaci\u00f3n, regulaci\u00f3n y control de las normas sanitarias en las Naciones Unidas. Esta conmemoraci\u00f3n se lleva a cabo desde 1948.<\/p>\n<p>Entre las acciones que caracterizan la ocasi\u00f3n se encuentran las campa\u00f1as de prevenci\u00f3n y sensibilizaci\u00f3n destinadas a promover la salud de la poblaci\u00f3n.<\/p>\n<h2>Temas tratados cada a\u00f1o<\/h2>\n<p>Cada a\u00f1o se trabaja un tema en esta fecha. En 2017, el tema fue la Depresi\u00f3n y, para 2018, el tema propuesto es, precisamente, \u00abSalud para todos\u00bb, un tema que resume el objetivo de trabajo de la OMS y que abordar\u00e1 la importancia de la salud universal, es decir, el acceso a los servicios sanitarios para todos y los beneficios que esto puede generar.<\/p>\n<p>Estos temas se trabajan no s\u00f3lo en el D\u00eda Mundial de la Salud, sino en las acciones que se realizan a lo largo del a\u00f1o.<\/p>\n<h2>La importancia del D\u00eda Mundial de la Salud para los hospitales<\/h2>\n<p>El D\u00eda Mundial de la Salud en los hospitales es fundamental para tener agendas de trabajo alineadas con los objetivos de la OMS, adem\u00e1s del desarrollo de acciones de acercamiento a la comunidad y de concienciaci\u00f3n sobre la importancia de los servicios y la atenci\u00f3n sanitaria.<\/p>\n<p>En este sentido, los hospitales pueden celebrar, por ejemplo, charlas instructivas, actividades educativas y desarrollar contenidos informativos que aborden los cuatro \u00e1mbitos principales que inciden en la calidad de la salud de las personas: la biolog\u00eda humana, el medio ambiente, el estilo de vida y la atenci\u00f3n m\u00e9dica. En cuanto a este \u00faltimo aspecto, es importante dejar claro que la buena salud se consigue con una dieta sana, la pr\u00e1ctica de ejercicio f\u00edsico y actividades de ocio, y tambi\u00e9n con ex\u00e1menes peri\u00f3dicos y seguimiento m\u00e9dico, no s\u00f3lo en tiempos de enfermedad, sino de forma preventiva.<\/p>\n<p>Con acciones como esta, es posible promover una humanizaci\u00f3n del <a target=\"_blank\" href=\"https:\/\/www.fasterm.com.br\/como-prestar-um-atendimento-qualificado-em-hospitais\/\" rel=\"noopener\">servicio<\/a> del hospital, una relaci\u00f3n m\u00e1s cercana con la comunidad, acciones sociales y tambi\u00e9n crear valor y diferenciaci\u00f3n con sus pacientes, compartiendo informaci\u00f3n relevante que ayude a las personas a tomar decisiones de salud m\u00e1s conscientes y proactivas.<\/p>\n<p><strong>\u00bfSu empresa lleva a cabo acciones dirigidas al D\u00eda Mundial de la Salud en los hospitales? \u00bfTiene alguna experiencia que compartir? Deja tu mensaje en los comentarios y hasta la pr\u00f3xima. <\/strong><\/p>\n<p>[widget id=\u00bbmedia_image-10&#8243;]<\/p>\n<div id=\"formulario-newsletter-3bd8efdff53076d76bba\" role=\"main\"><\/div>\n<p><script type=\"text\/javascript\" src=\"https:\/\/d335luupugsy2.cloudfront.net\/js\/rdstation-forms\/stable\/rdstation-forms.min.js\"><\/script><script type=\"text\/javascript\"> new RDStationForms('formulario-newsletter-3bd8efdff53076d76bba', 'UA-45868923-1').createForm();<\/script><\/p>\n","protected":false},"excerpt":{"rendered":"<p>La fecha es importante, y debemos recordar el papel del D\u00eda Mundial de la Salud para los establecimientos del sector.<\/p>\n","protected":false},"author":6,"featured_media":6963,"comment_status":"open","ping_status":"closed","sticky":false,"template":"","format":"standard","meta":{"inline_featured_image":false,"footnotes":""},"categories":[45,31],"tags":[],"class_list":["post-8107","post","type-post","status-publish","format-standard","has-post-thumbnail","hentry","category-consejos-para-el-hospital","category-sin-categorizar"],"yoast_head":"<!-- This site is optimized with the Yoast SEO plugin v27.5 - https:\/\/yoast.com\/product\/yoast-seo-wordpress\/ -->\n<title>D\u00eda Mundial de la Salud en los hospitales<\/title>\n<meta name=\"description\" content=\"La fecha es importante para reconocer a los profesionales de la salud, hay que recordar el papel del D\u00eda Mundial de la Salud en los hospitales.\" \/>\n<meta name=\"robots\" content=\"index, follow, max-snippet:-1, max-image-preview:large, max-video-preview:-1\" \/>\n<link rel=\"canonical\" href=\"https:\/\/fasterm.com.br\/es\/blog\/dia-mundial-de-la-salud-hospitales\/\" \/>\n<meta property=\"og:locale\" content=\"es_ES\" \/>\n<meta property=\"og:type\" content=\"article\" \/>\n<meta property=\"og:title\" content=\"D\u00eda Mundial de la Salud en los hospitales\" \/>\n<meta property=\"og:description\" content=\"La fecha es importante para reconocer a los profesionales de la salud, hay que recordar el papel del D\u00eda Mundial de la Salud en los hospitales.\" \/>\n<meta property=\"og:url\" content=\"https:\/\/fasterm.com.br\/es\/blog\/dia-mundial-de-la-salud-hospitales\/\" \/>\n<meta property=\"og:site_name\" content=\"Fasterm\" \/>\n<meta property=\"article:published_time\" content=\"2021-12-09T12:50:59+00:00\" \/>\n<meta property=\"article:modified_time\" content=\"2024-01-30T19:15:09+00:00\" \/>\n<meta property=\"og:image\" content=\"https:\/\/fasterm.com.br\/wp-content\/uploads\/2018\/04\/Depositphotos_187981422_l-2015-1030x688.jpg\" \/>\n\t<meta property=\"og:image:width\" content=\"1030\" \/>\n\t<meta property=\"og:image:height\" content=\"688\" \/>\n\t<meta property=\"og:image:type\" content=\"image\/jpeg\" \/>\n<meta name=\"author\" content=\"Fasterm\" \/>\n<meta name=\"twitter:card\" content=\"summary_large_image\" \/>\n<meta name=\"twitter:label1\" content=\"Escrito por\" \/>\n\t<meta name=\"twitter:data1\" content=\"Fasterm\" \/>\n\t<meta name=\"twitter:label2\" content=\"Tiempo de lectura\" \/>\n\t<meta name=\"twitter:data2\" content=\"4 minutos\" \/>\n<script type=\"application\/ld+json\" class=\"yoast-schema-graph\">{\"@context\":\"https:\\\/\\\/schema.org\",\"@graph\":[{\"@type\":\"Article\",\"@id\":\"https:\\\/\\\/fasterm.com.br\\\/es\\\/blog\\\/dia-mundial-de-la-salud-hospitales\\\/#article\",\"isPartOf\":{\"@id\":\"https:\\\/\\\/fasterm.com.br\\\/es\\\/blog\\\/dia-mundial-de-la-salud-hospitales\\\/\"},\"author\":{\"name\":\"Fasterm\",\"@id\":\"https:\\\/\\\/fasterm.com.br\\\/es\\\/#\\\/schema\\\/person\\\/133255a92517b4f4dddbe6dfe7cdb529\"},\"headline\":\"D\u00eda Mundial de la Salud en los hospitales: \u00bfQu\u00e9 importancia tiene la fecha?\",\"datePublished\":\"2021-12-09T12:50:59+00:00\",\"dateModified\":\"2024-01-30T19:15:09+00:00\",\"mainEntityOfPage\":{\"@id\":\"https:\\\/\\\/fasterm.com.br\\\/es\\\/blog\\\/dia-mundial-de-la-salud-hospitales\\\/\"},\"wordCount\":689,\"commentCount\":0,\"image\":{\"@id\":\"https:\\\/\\\/fasterm.com.br\\\/es\\\/blog\\\/dia-mundial-de-la-salud-hospitales\\\/#primaryimage\"},\"thumbnailUrl\":\"https:\\\/\\\/fasterm.com.br\\\/wp-content\\\/uploads\\\/2018\\\/04\\\/Depositphotos_187981422_l-2015.jpg\",\"articleSection\":[\"Consejos para el hospital\",\"Sin categorizar\"],\"inLanguage\":\"es\",\"potentialAction\":[{\"@type\":\"CommentAction\",\"name\":\"Comment\",\"target\":[\"https:\\\/\\\/fasterm.com.br\\\/es\\\/blog\\\/dia-mundial-de-la-salud-hospitales\\\/#respond\"]}]},{\"@type\":\"WebPage\",\"@id\":\"https:\\\/\\\/fasterm.com.br\\\/es\\\/blog\\\/dia-mundial-de-la-salud-hospitales\\\/\",\"url\":\"https:\\\/\\\/fasterm.com.br\\\/es\\\/blog\\\/dia-mundial-de-la-salud-hospitales\\\/\",\"name\":\"D\u00eda Mundial de la Salud en los hospitales\",\"isPartOf\":{\"@id\":\"https:\\\/\\\/fasterm.com.br\\\/es\\\/#website\"},\"primaryImageOfPage\":{\"@id\":\"https:\\\/\\\/fasterm.com.br\\\/es\\\/blog\\\/dia-mundial-de-la-salud-hospitales\\\/#primaryimage\"},\"image\":{\"@id\":\"https:\\\/\\\/fasterm.com.br\\\/es\\\/blog\\\/dia-mundial-de-la-salud-hospitales\\\/#primaryimage\"},\"thumbnailUrl\":\"https:\\\/\\\/fasterm.com.br\\\/wp-content\\\/uploads\\\/2018\\\/04\\\/Depositphotos_187981422_l-2015.jpg\",\"datePublished\":\"2021-12-09T12:50:59+00:00\",\"dateModified\":\"2024-01-30T19:15:09+00:00\",\"author\":{\"@id\":\"https:\\\/\\\/fasterm.com.br\\\/es\\\/#\\\/schema\\\/person\\\/133255a92517b4f4dddbe6dfe7cdb529\"},\"description\":\"La fecha es importante para reconocer a los profesionales de la salud, hay que recordar el papel del D\u00eda Mundial de la Salud en los hospitales.\",\"breadcrumb\":{\"@id\":\"https:\\\/\\\/fasterm.com.br\\\/es\\\/blog\\\/dia-mundial-de-la-salud-hospitales\\\/#breadcrumb\"},\"inLanguage\":\"es\",\"potentialAction\":[{\"@type\":\"ReadAction\",\"target\":[\"https:\\\/\\\/fasterm.com.br\\\/es\\\/blog\\\/dia-mundial-de-la-salud-hospitales\\\/\"]}]},{\"@type\":\"ImageObject\",\"inLanguage\":\"es\",\"@id\":\"https:\\\/\\\/fasterm.com.br\\\/es\\\/blog\\\/dia-mundial-de-la-salud-hospitales\\\/#primaryimage\",\"url\":\"https:\\\/\\\/fasterm.com.br\\\/wp-content\\\/uploads\\\/2018\\\/04\\\/Depositphotos_187981422_l-2015.jpg\",\"contentUrl\":\"https:\\\/\\\/fasterm.com.br\\\/wp-content\\\/uploads\\\/2018\\\/04\\\/Depositphotos_187981422_l-2015.jpg\",\"width\":2000,\"height\":1335},{\"@type\":\"BreadcrumbList\",\"@id\":\"https:\\\/\\\/fasterm.com.br\\\/es\\\/blog\\\/dia-mundial-de-la-salud-hospitales\\\/#breadcrumb\",\"itemListElement\":[{\"@type\":\"ListItem\",\"position\":1,\"name\":\"Home\",\"item\":\"https:\\\/\\\/fasterm.com.br\\\/es\\\/home-es\\\/\"},{\"@type\":\"ListItem\",\"position\":2,\"name\":\"D\u00eda Mundial de la Salud en los hospitales: \u00bfQu\u00e9 importancia tiene la fecha?\"}]},{\"@type\":\"WebSite\",\"@id\":\"https:\\\/\\\/fasterm.com.br\\\/es\\\/#website\",\"url\":\"https:\\\/\\\/fasterm.com.br\\\/es\\\/\",\"name\":\"Fasterm\",\"description\":\"Sistema de Aquecimento de \u00e1gua\",\"potentialAction\":[{\"@type\":\"SearchAction\",\"target\":{\"@type\":\"EntryPoint\",\"urlTemplate\":\"https:\\\/\\\/fasterm.com.br\\\/es\\\/?s={search_term_string}\"},\"query-input\":{\"@type\":\"PropertyValueSpecification\",\"valueRequired\":true,\"valueName\":\"search_term_string\"}}],\"inLanguage\":\"es\"},{\"@type\":\"Person\",\"@id\":\"https:\\\/\\\/fasterm.com.br\\\/es\\\/#\\\/schema\\\/person\\\/133255a92517b4f4dddbe6dfe7cdb529\",\"name\":\"Fasterm\",\"image\":{\"@type\":\"ImageObject\",\"inLanguage\":\"es\",\"@id\":\"https:\\\/\\\/secure.gravatar.com\\\/avatar\\\/f6af9efcc84c055ab4dca66da6e2d43accbf606c952d0ce6b3214dd9270d019f?s=96&d=mm&r=g\",\"url\":\"https:\\\/\\\/secure.gravatar.com\\\/avatar\\\/f6af9efcc84c055ab4dca66da6e2d43accbf606c952d0ce6b3214dd9270d019f?s=96&d=mm&r=g\",\"contentUrl\":\"https:\\\/\\\/secure.gravatar.com\\\/avatar\\\/f6af9efcc84c055ab4dca66da6e2d43accbf606c952d0ce6b3214dd9270d019f?s=96&d=mm&r=g\",\"caption\":\"Fasterm\"},\"sameAs\":[\"http:\\\/\\\/whebi.com.br\\\/\"],\"url\":\"https:\\\/\\\/fasterm.com.br\\\/es\\\/blog\\\/author\\\/agencia-whebi\\\/\"}]}<\/script>\n<!-- \/ Yoast SEO plugin. -->","yoast_head_json":{"title":"D\u00eda Mundial de la Salud en los hospitales","description":"La fecha es importante para reconocer a los profesionales de la salud, hay que recordar el papel del D\u00eda Mundial de la Salud en los hospitales.","robots":{"index":"index","follow":"follow","max-snippet":"max-snippet:-1","max-image-preview":"max-image-preview:large","max-video-preview":"max-video-preview:-1"},"canonical":"https:\/\/fasterm.com.br\/es\/blog\/dia-mundial-de-la-salud-hospitales\/","og_locale":"es_ES","og_type":"article","og_title":"D\u00eda Mundial de la Salud en los hospitales","og_description":"La fecha es importante para reconocer a los profesionales de la salud, hay que recordar el papel del D\u00eda Mundial de la Salud en los hospitales.","og_url":"https:\/\/fasterm.com.br\/es\/blog\/dia-mundial-de-la-salud-hospitales\/","og_site_name":"Fasterm","article_published_time":"2021-12-09T12:50:59+00:00","article_modified_time":"2024-01-30T19:15:09+00:00","og_image":[{"width":1030,"height":688,"url":"https:\/\/fasterm.com.br\/wp-content\/uploads\/2018\/04\/Depositphotos_187981422_l-2015-1030x688.jpg","type":"image\/jpeg"}],"author":"Fasterm","twitter_card":"summary_large_image","twitter_misc":{"Escrito por":"Fasterm","Tiempo de lectura":"4 minutos"},"schema":{"@context":"https:\/\/schema.org","@graph":[{"@type":"Article","@id":"https:\/\/fasterm.com.br\/es\/blog\/dia-mundial-de-la-salud-hospitales\/#article","isPartOf":{"@id":"https:\/\/fasterm.com.br\/es\/blog\/dia-mundial-de-la-salud-hospitales\/"},"author":{"name":"Fasterm","@id":"https:\/\/fasterm.com.br\/es\/#\/schema\/person\/133255a92517b4f4dddbe6dfe7cdb529"},"headline":"D\u00eda Mundial de la Salud en los hospitales: \u00bfQu\u00e9 importancia tiene la fecha?","datePublished":"2021-12-09T12:50:59+00:00","dateModified":"2024-01-30T19:15:09+00:00","mainEntityOfPage":{"@id":"https:\/\/fasterm.com.br\/es\/blog\/dia-mundial-de-la-salud-hospitales\/"},"wordCount":689,"commentCount":0,"image":{"@id":"https:\/\/fasterm.com.br\/es\/blog\/dia-mundial-de-la-salud-hospitales\/#primaryimage"},"thumbnailUrl":"https:\/\/fasterm.com.br\/wp-content\/uploads\/2018\/04\/Depositphotos_187981422_l-2015.jpg","articleSection":["Consejos para el hospital","Sin categorizar"],"inLanguage":"es","potentialAction":[{"@type":"CommentAction","name":"Comment","target":["https:\/\/fasterm.com.br\/es\/blog\/dia-mundial-de-la-salud-hospitales\/#respond"]}]},{"@type":"WebPage","@id":"https:\/\/fasterm.com.br\/es\/blog\/dia-mundial-de-la-salud-hospitales\/","url":"https:\/\/fasterm.com.br\/es\/blog\/dia-mundial-de-la-salud-hospitales\/","name":"D\u00eda Mundial de la Salud en los hospitales","isPartOf":{"@id":"https:\/\/fasterm.com.br\/es\/#website"},"primaryImageOfPage":{"@id":"https:\/\/fasterm.com.br\/es\/blog\/dia-mundial-de-la-salud-hospitales\/#primaryimage"},"image":{"@id":"https:\/\/fasterm.com.br\/es\/blog\/dia-mundial-de-la-salud-hospitales\/#primaryimage"},"thumbnailUrl":"https:\/\/fasterm.com.br\/wp-content\/uploads\/2018\/04\/Depositphotos_187981422_l-2015.jpg","datePublished":"2021-12-09T12:50:59+00:00","dateModified":"2024-01-30T19:15:09+00:00","author":{"@id":"https:\/\/fasterm.com.br\/es\/#\/schema\/person\/133255a92517b4f4dddbe6dfe7cdb529"},"description":"La fecha es importante para reconocer a los profesionales de la salud, hay que recordar el papel del D\u00eda Mundial de la Salud en los hospitales.","breadcrumb":{"@id":"https:\/\/fasterm.com.br\/es\/blog\/dia-mundial-de-la-salud-hospitales\/#breadcrumb"},"inLanguage":"es","potentialAction":[{"@type":"ReadAction","target":["https:\/\/fasterm.com.br\/es\/blog\/dia-mundial-de-la-salud-hospitales\/"]}]},{"@type":"ImageObject","inLanguage":"es","@id":"https:\/\/fasterm.com.br\/es\/blog\/dia-mundial-de-la-salud-hospitales\/#primaryimage","url":"https:\/\/fasterm.com.br\/wp-content\/uploads\/2018\/04\/Depositphotos_187981422_l-2015.jpg","contentUrl":"https:\/\/fasterm.com.br\/wp-content\/uploads\/2018\/04\/Depositphotos_187981422_l-2015.jpg","width":2000,"height":1335},{"@type":"BreadcrumbList","@id":"https:\/\/fasterm.com.br\/es\/blog\/dia-mundial-de-la-salud-hospitales\/#breadcrumb","itemListElement":[{"@type":"ListItem","position":1,"name":"Home","item":"https:\/\/fasterm.com.br\/es\/home-es\/"},{"@type":"ListItem","position":2,"name":"D\u00eda Mundial de la Salud en los hospitales: \u00bfQu\u00e9 importancia tiene la fecha?"}]},{"@type":"WebSite","@id":"https:\/\/fasterm.com.br\/es\/#website","url":"https:\/\/fasterm.com.br\/es\/","name":"Fasterm","description":"Sistema de Aquecimento de \u00e1gua","potentialAction":[{"@type":"SearchAction","target":{"@type":"EntryPoint","urlTemplate":"https:\/\/fasterm.com.br\/es\/?s={search_term_string}"},"query-input":{"@type":"PropertyValueSpecification","valueRequired":true,"valueName":"search_term_string"}}],"inLanguage":"es"},{"@type":"Person","@id":"https:\/\/fasterm.com.br\/es\/#\/schema\/person\/133255a92517b4f4dddbe6dfe7cdb529","name":"Fasterm","image":{"@type":"ImageObject","inLanguage":"es","@id":"https:\/\/secure.gravatar.com\/avatar\/f6af9efcc84c055ab4dca66da6e2d43accbf606c952d0ce6b3214dd9270d019f?s=96&d=mm&r=g","url":"https:\/\/secure.gravatar.com\/avatar\/f6af9efcc84c055ab4dca66da6e2d43accbf606c952d0ce6b3214dd9270d019f?s=96&d=mm&r=g","contentUrl":"https:\/\/secure.gravatar.com\/avatar\/f6af9efcc84c055ab4dca66da6e2d43accbf606c952d0ce6b3214dd9270d019f?s=96&d=mm&r=g","caption":"Fasterm"},"sameAs":["http:\/\/whebi.com.br\/"],"url":"https:\/\/fasterm.com.br\/es\/blog\/author\/agencia-whebi\/"}]}},"_links":{"self":[{"href":"https:\/\/fasterm.com.br\/es\/wp-json\/wp\/v2\/posts\/8107","targetHints":{"allow":["GET"]}}],"collection":[{"href":"https:\/\/fasterm.com.br\/es\/wp-json\/wp\/v2\/posts"}],"about":[{"href":"https:\/\/fasterm.com.br\/es\/wp-json\/wp\/v2\/types\/post"}],"author":[{"embeddable":true,"href":"https:\/\/fasterm.com.br\/es\/wp-json\/wp\/v2\/users\/6"}],"replies":[{"embeddable":true,"href":"https:\/\/fasterm.com.br\/es\/wp-json\/wp\/v2\/comments?post=8107"}],"version-history":[{"count":2,"href":"https:\/\/fasterm.com.br\/es\/wp-json\/wp\/v2\/posts\/8107\/revisions"}],"predecessor-version":[{"id":9948,"href":"https:\/\/fasterm.com.br\/es\/wp-json\/wp\/v2\/posts\/8107\/revisions\/9948"}],"wp:featuredmedia":[{"embeddable":true,"href":"https:\/\/fasterm.com.br\/es\/wp-json\/wp\/v2\/media\/6963"}],"wp:attachment":[{"href":"https:\/\/fasterm.com.br\/es\/wp-json\/wp\/v2\/media?parent=8107"}],"wp:term":[{"taxonomy":"category","embeddable":true,"href":"https:\/\/fasterm.com.br\/es\/wp-json\/wp\/v2\/categories?post=8107"},{"taxonomy":"post_tag","embeddable":true,"href":"https:\/\/fasterm.com.br\/es\/wp-json\/wp\/v2\/tags?post=8107"}],"curies":[{"name":"wp","href":"https:\/\/api.w.org\/{rel}","templated":true}]}}